{"id":100205,"date":"2025-09-16T06:25:47","date_gmt":"2025-09-16T12:25:47","guid":{"rendered":"https:\/\/diarioavanzada.com.mx\/?p=100205"},"modified":"2025-09-16T06:31:27","modified_gmt":"2025-09-16T12:31:27","slug":"en-colima-son-asesinados-diez-policias-cada-ano-causa-en-comun","status":"publish","type":"post","link":"https:\/\/diarioavanzada.com.mx\/?p=100205","title":{"rendered":"En Colima son asesinados diez polic\u00edas cada a\u00f1o: Causa en Com\u00fan"},"content":{"rendered":"\n<p class=\"s3 wp-block-paragraph\">Colima, M\u00e9xico, Avanzada (16\/09\/2025)).-&nbsp;En Colima son asesinados un promedio de diez elementos polic\u00edacos cada a\u00f1o, de acuerdo con el informe \u201cLas polic\u00edas en M\u00e9xico: Radiograf\u00eda de un retraso cr\u00f3nico (2018-2024)\u201d, elaborado por la organizaci\u00f3n Causa en Com\u00fan.<\/p>\n\n\n\n<p class=\"s3 wp-block-paragraph\">Seg\u00fan el documento, durante la administraci\u00f3n de Andr\u00e9s Manuel L\u00f3pez Obrador, del 1 de diciembre de 2018 al 01 de agosto de 2024&nbsp;fueron&nbsp;asesinados al menos 2&nbsp;mil&nbsp;417 polic\u00edas, conforme al seguimiento hemerogr\u00e1fico realizado por&nbsp;el grupo ciudadano.<\/p>\n\n\n\n<p class=\"s3 wp-block-paragraph\">El estado de Colima se encuentra en el lugar 14, con 61 casos durante el sexenio de L\u00f3pez Obrador, por encima de estados como Sinaloa, Tamaulipas, Coahuila, Durango y San Luis Potos\u00ed.&nbsp;<\/p>\n\n\n\n<p class=\"s3 wp-block-paragraph\">Los estados que concentraron la mayor cantidad de asesinatos&nbsp;de polic\u00edas fueron&nbsp;Guanajuato (360), Guerrero (167), Estado&nbsp;de M\u00e9xico (167) Zacatecas (166), Michoac\u00e1n(152), Veracruz (141), Jalisco (140),&nbsp;Chihuahua (137), Sonora (100), Baja California (90),&nbsp;Oaxaca (84), Nuevo Le\u00f3n (79), Puebla (79), Colima (61).<\/p>\n\n\n\n<p class=\"s3 wp-block-paragraph\">Por otra parte, son frecuentes las manifestaciones de polic\u00edas que exigen mejoras en sus condiciones de trabajo, a trav\u00e9s de&nbsp;paros, emplazamientos y manifestaciones de polic\u00edas, por lo&nbsp;que&nbsp;del 1 de diciembre de 2018 al 01 de agosto de 2024, se registraron al menos 413&nbsp;movilizaciones de polic\u00edas, entre las que se encuentran 183 paros, 165&nbsp;manifestaciones y 65 emplazamientos a paro, abarcando la mayor\u00eda de los estados del pa\u00eds.<\/p>\n\n\n\n<p class=\"s3 wp-block-paragraph\">Las principales causas de estas movilizaciones&nbsp;fueron bajos salarios, falta de pago de&nbsp;bonos y prestaciones,&nbsp;condiciones de trabajo inseguras, y falta de veh\u00edculos y de&nbsp;equipamiento. En la mayor\u00eda de los casos, las&nbsp;respuestas de las autoridades suelen iniciar&nbsp;con la recepci\u00f3n de los manifestantes e instauraci\u00f3n de mesas&nbsp;de di\u00e1logo.<\/p>\n\n\n\n<p class=\"s3 wp-block-paragraph\">En algunas ocasiones, se generan compromisos y, en un m\u00ednimo de casos, se atienden las&nbsp;exigencias, aunque es de resaltar que, en ocasiones, los mandos han amenazado con dar de baja a&nbsp;manifestantes o&nbsp;iniciarles procesos en las unidades de asuntos internos y que, en algunos&nbsp;casos, se han concretado los&nbsp;despidos.<\/p>\n\n\n\n<p class=\"s3 wp-block-paragraph\">En M\u00e9xico, las condiciones laborales de los polic\u00edas son dispares y en su mayor\u00eda precarias. Por ejemplo, de&nbsp;acuerdo con el INEGI, al cierre de 2020, el 28&nbsp;por ciento&nbsp;de los polic\u00edas municipales no estaban registrados en alguna instituci\u00f3n de seguridad social; mientras que&nbsp;\u00fanicamente en 10&nbsp;por ciento&nbsp;de los municipios se les ofrecieron prestaciones para gastos funerarios a familias de polic\u00edas abatidos, pese a que dicho apoyo est\u00e1&nbsp;contemplado en el art\u00edculo 84 de la Ley General del Sistema Nacional de Seguridad P\u00fablica.<\/p>\n\n\n\n<p class=\"s3 wp-block-paragraph\">Entre las conclusiones del informe, Causa en Com\u00fan se\u00f1ala que&nbsp;el abandono de los&nbsp;polic\u00edas resulta de la inoperancia del Consejo Nacional de Seguridad P\u00fablica, de los estancamientos y recortes presupuestales, y del&nbsp;acelerado avance de la militarizaci\u00f3n.<\/p>\n\n\n\n<p class=\"s3 wp-block-paragraph\">\u201cEn s\u00edntesis, las polic\u00edas en M\u00e9xico trabajan en condiciones cada vez m\u00e1s&nbsp;precarias, al tiempo que la violencia extrema y la criminalidad cobran arraigo en todo el pa\u00eds\u201d.<\/p>\n\n\n\n<p class=\"s3 wp-block-paragraph\">Para revertir el abandono de las polic\u00edas y el deterioro de la seguridad p\u00fablica, Causa en Com\u00fan propone&nbsp;en el documento:<\/p>\n\n\n\n<p class=\"s3 wp-block-paragraph\">Cumplir, tanto el SESNSP como el CNSP, con las responsabilidades de dise\u00f1o y seguimiento&nbsp;de pol\u00edticas nacionales homologadas para el desarrollo de polic\u00edas, fiscal\u00edas y penales a la&nbsp;altura de los requerimientos del pa\u00eds.<\/p>\n\n\n\n<p class=\"s3 wp-block-paragraph\">\u201cEl SESNSP deber\u00eda establecer par\u00e1metros de cumplimiento de los acuerdos del CNSP que&nbsp;sean pertinentes, viables y medibles, y establecer los actores responsables del mismo en los&nbsp;\u00e1mbitos federal, estatal o municipal\u201d.<\/p>\n\n\n\n<p class=\"s3 wp-block-paragraph\">As\u00ed tambi\u00e9n, plantea crear un organismo nacional constitucionalmente aut\u00f3nomo, a cargo&nbsp;del desarrollo policial&nbsp;(incluyendo selecci\u00f3n, reclutamiento, sistema de carrera, r\u00e9gimen disciplinario, esquemas&nbsp;salariales y prestaciones) con mecanismos transparentes de financiamiento y&nbsp;calendarizaciones que trasciendan en periodos pol\u00edticos y electorales, as\u00ed como promover la capacitaci\u00f3n, actualizaci\u00f3n y especializaci\u00f3n de los miembros de las<\/p>\n\n\n\n<p class=\"s3 wp-block-paragraph\">instituciones policiales, conforme al Programa Rector de Profesionalizaci\u00f3n&nbsp;y homologar las condiciones laborales de las corporaciones municipales y estatales sobre la&nbsp;base del derecho constitucional a un trabajo digno.<\/p>\n\n\n\n<p class=\"s3 wp-block-paragraph\">Por otra parte, propone impulsar una reforma constitucional a fin de que los polic\u00edas puedan recibir denuncias y&nbsp;atender casos de investigaci\u00f3n, fortalecer las oficinas de Asuntos Internos y promover mecanismos de supervisi\u00f3n externa&nbsp;y realizar un censo nacional de polic\u00edas para definir el estado de fuerza que requiere cada&nbsp;entidad acorde a su geograf\u00eda y problem\u00e1tica delictiva.<\/p>\n<div class=\"fb-background-color\">\n\t\t\t  <div \n\t\t\t  \tclass = \"fb-comments\" \n\t\t\t  \tdata-href = \"https:\/\/diarioavanzada.com.mx\/?p=100205\"\n\t\t\t  \tdata-numposts = \"10\"\n\t\t\t  \tdata-lazy = \"true\"\n\t\t\t\tdata-colorscheme = \"light\"\n\t\t\t\tdata-order-by = \"social\"\n\t\t\t\tdata-mobile=true>\n\t\t\t  <\/div><\/div>\n\t\t  <style>\n\t\t    .fb-background-color {\n\t\t\t\tbackground:  !important;\n\t\t\t}\n\t\t\t.fb_iframe_widget_fluid_desktop iframe {\n\t\t\t    width: 100% !important;\n\t\t\t}\n\t\t  <\/style>\n\t\t  ","protected":false},"excerpt":{"rendered":"<p>Colima, M\u00e9xico, Avanzada (16\/09\/2025)).-&nbsp;En Colima son asesinados un promedio de diez elementos polic\u00edacos cada a\u00f1o, de acuerdo con el informe \u201cLas polic\u00edas en M\u00e9xico: Radiograf\u00eda de un retraso cr\u00f3nico (2018-2024)\u201d, elaborado por la organizaci\u00f3n Causa en Com\u00fan. Seg\u00fan el documento, durante la administraci\u00f3n de Andr\u00e9s Manuel L\u00f3pez Obrador, del 1 de diciembre de 2018 al [&hellip;]<\/p>\n","protected":false},"author":7,"featured_media":100204,"comment_status":"closed","ping_status":"closed","sticky":false,"template":"","format":"standard","meta":{"_coblocks_attr":"","_coblocks_dimensions":"","_coblocks_responsive_height":"","_coblocks_accordion_ie_support":"","_crdt_document":"","advanced_seo_description":"","jetpack_seo_html_title":"","jetpack_seo_noindex":false,"_jetpack_memberships_contains_paid_content":false,"footnotes":""},"categories":[19,209,7,231],"tags":[210],"class_list":["post-100205","post","type-post","status-publish","format-standard","has-post-thumbnail","hentry","category-colima","category-importantes","category-noticias","category-seguridad","tag-portada"],"jetpack_featured_media_url":"https:\/\/diarioavanzada.com.mx\/wp-content\/uploads\/2025\/09\/img_0633.jpg","jetpack-related-posts":[],"jetpack_sharing_enabled":true,"amp_enabled":true,"_links":{"self":[{"href":"https:\/\/diarioavanzada.com.mx\/index.php?rest_route=\/wp\/v2\/posts\/100205","targetHints":{"allow":["GET"]}}],"collection":[{"href":"https:\/\/diarioavanzada.com.mx\/index.php?rest_route=\/wp\/v2\/posts"}],"about":[{"href":"https:\/\/diarioavanzada.com.mx\/index.php?rest_route=\/wp\/v2\/types\/post"}],"author":[{"embeddable":true,"href":"https:\/\/diarioavanzada.com.mx\/index.php?rest_route=\/wp\/v2\/users\/7"}],"replies":[{"embeddable":true,"href":"https:\/\/diarioavanzada.com.mx\/index.php?rest_route=%2Fwp%2Fv2%2Fcomments&post=100205"}],"version-history":[{"count":1,"href":"https:\/\/diarioavanzada.com.mx\/index.php?rest_route=\/wp\/v2\/posts\/100205\/revisions"}],"predecessor-version":[{"id":100206,"href":"https:\/\/diarioavanzada.com.mx\/index.php?rest_route=\/wp\/v2\/posts\/100205\/revisions\/100206"}],"wp:featuredmedia":[{"embeddable":true,"href":"https:\/\/diarioavanzada.com.mx\/index.php?rest_route=\/wp\/v2\/media\/100204"}],"wp:attachment":[{"href":"https:\/\/diarioavanzada.com.mx\/index.php?rest_route=%2Fwp%2Fv2%2Fmedia&parent=100205"}],"wp:term":[{"taxonomy":"category","embeddable":true,"href":"https:\/\/diarioavanzada.com.mx\/index.php?rest_route=%2Fwp%2Fv2%2Fcategories&post=100205"},{"taxonomy":"post_tag","embeddable":true,"href":"https:\/\/diarioavanzada.com.mx\/index.php?rest_route=%2Fwp%2Fv2%2Ftags&post=100205"}],"curies":[{"name":"wp","href":"https:\/\/api.w.org\/{rel}","templated":true}]}}