{"id":100167,"date":"2025-09-15T16:24:25","date_gmt":"2025-09-15T22:24:25","guid":{"rendered":"https:\/\/diarioavanzada.com.mx\/?p=100167"},"modified":"2025-09-15T16:24:25","modified_gmt":"2025-09-15T22:24:25","slug":"asesinan-a-cinco-personas-en-colima-en-menos-de-24-horas-sin-detenidos","status":"publish","type":"post","link":"https:\/\/diarioavanzada.com.mx\/?p=100167","title":{"rendered":"Asesinan a cinco personas en Colima, en menos de 24 horas sin detenidos"},"content":{"rendered":"\n<p class=\"p1 wp-block-paragraph\">Colima, M\u00e9xico, Avanzada (15\/09\/2025).\u2013 En un lapso de menos de 24 horas, cinco personas fueron asesinadas en distintos municipios del estado de Colima, en hechos atribuidos a la operaci\u00f3n de grupos del crimen organizado. Ninguno de los ataques dej\u00f3 personas detenidas.<\/p>\n\n\n\n<p class=\"p1 wp-block-paragraph\">La primera agresi\u00f3n se registr\u00f3 la noche del s\u00e1bado en Manzanillo, donde un hombre y una mujer fueron ejecutados dentro de un domicilio ubicado en la calle Almendros, barrio tres del Valle de las Garzas.<\/p>\n\n\n\n<p class=\"p1 wp-block-paragraph\">Horas m\u00e1s tarde, cerca de la medianoche del mismo s\u00e1bado, fue localizado el cuerpo sin vida de un hombre con huellas de violencia en la calle 20 de Noviembre, en la comunidad de Queser\u00eda, municipio de Cuauht\u00e9moc.<\/p>\n\n\n\n<p class=\"p1 wp-block-paragraph\">La violencia continu\u00f3 este domingo en Villa de \u00c1lvarez. En la colonia San Isidro, un hombre de avanzada edad fue asesinado a balazos en la calle Crist\u00f3bal Col\u00f3n, esquina con Aldama.<\/p>\n\n\n\n<p class=\"p1 wp-block-paragraph\">Ese mismo d\u00eda, alrededor de las 13:30 horas, otro hombre fue ejecutado dentro de una birrier\u00eda ubicada en el municipio de Cuauht\u00e9moc, a unos metros de la desviaci\u00f3n de la autopista Colima\u2013Guadalajara rumbo al aeropuerto de Buenavista.<\/p>\n\n\n\n<p class=\"p1 wp-block-paragraph\">Los hechos ocurren en un contexto de violencia persistente en la entidad, donde los homicidios dolosos se mantienen como uno de los principales indicadores de inseguridad. Hasta el momento, las autoridades no han informado sobre personas detenidas relacionadas con estos ataques.<\/p>\n\n\n\n<p class=\"p1 wp-block-paragraph\"><\/p>\n<div class=\"fb-background-color\">\n\t\t\t  <div \n\t\t\t  \tclass = \"fb-comments\" \n\t\t\t  \tdata-href = \"https:\/\/diarioavanzada.com.mx\/?p=100167\"\n\t\t\t  \tdata-numposts = \"10\"\n\t\t\t  \tdata-lazy = \"true\"\n\t\t\t\tdata-colorscheme = \"light\"\n\t\t\t\tdata-order-by = \"social\"\n\t\t\t\tdata-mobile=true>\n\t\t\t  <\/div><\/div>\n\t\t  <style>\n\t\t    .fb-background-color {\n\t\t\t\tbackground:  !important;\n\t\t\t}\n\t\t\t.fb_iframe_widget_fluid_desktop iframe {\n\t\t\t    width: 100% !important;\n\t\t\t}\n\t\t  <\/style>\n\t\t  ","protected":false},"excerpt":{"rendered":"<p>Colima, M\u00e9xico, Avanzada (15\/09\/2025).\u2013 En un lapso de menos de 24 horas, cinco personas fueron asesinadas en distintos municipios del estado de Colima, en hechos atribuidos a la operaci\u00f3n de grupos del crimen organizado. Ninguno de los ataques dej\u00f3 personas detenidas. La primera agresi\u00f3n se registr\u00f3 la noche del s\u00e1bado en Manzanillo, donde un hombre [&hellip;]<\/p>\n","protected":false},"author":7,"featured_media":100168,"comment_status":"closed","ping_status":"closed","sticky":false,"template":"","format":"standard","meta":{"_coblocks_attr":"","_coblocks_dimensions":"","_coblocks_responsive_height":"","_coblocks_accordion_ie_support":"","_crdt_document":"","advanced_seo_description":"","jetpack_seo_html_title":"","jetpack_seo_noindex":false,"_jetpack_memberships_contains_paid_content":false,"footnotes":""},"categories":[19,1,209,7,231,29],"tags":[210],"class_list":["post-100167","post","type-post","status-publish","format-standard","has-post-thumbnail","hentry","category-colima","category-general","category-importantes","category-noticias","category-seguridad","category-sociedad","tag-portada"],"jetpack_featured_media_url":"https:\/\/diarioavanzada.com.mx\/wp-content\/uploads\/2025\/09\/img_5123.png","jetpack-related-posts":[],"jetpack_sharing_enabled":true,"amp_enabled":true,"_links":{"self":[{"href":"https:\/\/diarioavanzada.com.mx\/index.php?rest_route=\/wp\/v2\/posts\/100167","targetHints":{"allow":["GET"]}}],"collection":[{"href":"https:\/\/diarioavanzada.com.mx\/index.php?rest_route=\/wp\/v2\/posts"}],"about":[{"href":"https:\/\/diarioavanzada.com.mx\/index.php?rest_route=\/wp\/v2\/types\/post"}],"author":[{"embeddable":true,"href":"https:\/\/diarioavanzada.com.mx\/index.php?rest_route=\/wp\/v2\/users\/7"}],"replies":[{"embeddable":true,"href":"https:\/\/diarioavanzada.com.mx\/index.php?rest_route=%2Fwp%2Fv2%2Fcomments&post=100167"}],"version-history":[{"count":1,"href":"https:\/\/diarioavanzada.com.mx\/index.php?rest_route=\/wp\/v2\/posts\/100167\/revisions"}],"predecessor-version":[{"id":100169,"href":"https:\/\/diarioavanzada.com.mx\/index.php?rest_route=\/wp\/v2\/posts\/100167\/revisions\/100169"}],"wp:featuredmedia":[{"embeddable":true,"href":"https:\/\/diarioavanzada.com.mx\/index.php?rest_route=\/wp\/v2\/media\/100168"}],"wp:attachment":[{"href":"https:\/\/diarioavanzada.com.mx\/index.php?rest_route=%2Fwp%2Fv2%2Fmedia&parent=100167"}],"wp:term":[{"taxonomy":"category","embeddable":true,"href":"https:\/\/diarioavanzada.com.mx\/index.php?rest_route=%2Fwp%2Fv2%2Fcategories&post=100167"},{"taxonomy":"post_tag","embeddable":true,"href":"https:\/\/diarioavanzada.com.mx\/index.php?rest_route=%2Fwp%2Fv2%2Ftags&post=100167"}],"curies":[{"name":"wp","href":"https:\/\/api.w.org\/{rel}","templated":true}]}}