{"id":10014,"date":"2020-01-28T12:22:50","date_gmt":"2020-01-28T17:22:50","guid":{"rendered":"https:\/\/diarioavanzada.com.mx\/?p=10014"},"modified":"2020-01-28T12:23:57","modified_gmt":"2020-01-28T17:23:57","slug":"director-de-la-defensoria-de-oficio-renuncia-por-despido-de-abogados","status":"publish","type":"post","link":"https:\/\/diarioavanzada.com.mx\/?p=10014","title":{"rendered":"Director de la Defensor\u00eda de Oficio renuncia por despido de 40 abogados"},"content":{"rendered":"\n<p class=\"wp-block-paragraph\">Colima, M\u00e9xico, Avanzada (28\/01\/2020).- Dos d\u00edas antes de Navidad,&nbsp;la noticia lleg\u00f3 a las oficinas de la Defensor\u00eda P\u00fablica del Gobierno del Estado: 40 de los 60 abogados ser\u00edan despedidos por el recorte de personal que anunci\u00f3 el secretario de Administraci\u00f3n, Kristian Meiners a trav\u00e9s de un escueto comunicado de prensa.<\/p>\n\n\n\n<p class=\"wp-block-paragraph\">Los criterios que se tomaron en cuenta para \u201cdesmantelar\u201d la dependencia no quedaron claros para nadie: ni para los litigantes despedidos, -quienes se encargaban de representar a todas aquellas personas que carec\u00edan de un abogado- ni para el encargado de la Defensor\u00eda de Oficio, Francisco Vasconcelos Mor\u00e1n, quien hace unos d\u00edas dimiti\u00f3 al cargo. &nbsp;<\/p>\n\n\n\n<p class=\"wp-block-paragraph\">A trav\u00e9s de sus redes sociales, Vasconcelos se\u00f1al\u00f3 que el&nbsp; pasado 15 de enero renunci\u00f3 a su cargo como director general de la Defensor\u00eda P\u00fablica del Gobierno del Estado en solidaridad con su equipo de trabajo, \u201cque fue dado de baja por el recorte del gobierno del estado\u201d.<\/p>\n\n\n\n<p class=\"wp-block-paragraph\">El abogado colimense asumi\u00f3 el cargo el 16 de febrero de 2016 y fue nombrado por el actual gobernador, Ignacio Peralta S\u00e1nchez.<\/p>\n\n\n\n<p class=\"wp-block-paragraph\">De acuerdo con informaci\u00f3n extraoficial, antes de finalizar el 2019, el Gobierno del Estado no renov\u00f3 &nbsp;los contratos de 40 de los 60 abogados con los que contaba la Defensor\u00eda de Oficio.<\/p>\n\n\n\n<p class=\"wp-block-paragraph\">Debido a la falta de litigantes que son pagados con recursos p\u00fablicos, el presidente del Supremo Tribunal de Justicia del Estado, Bernardo Salazar advirti\u00f3 del riesgo de que presuntos inculpados obtengan su libertad ante la falta de un representante legal.<\/p>\n\n\n\n<p class=\"wp-block-paragraph\">En entrevista con algunos medios de comunicaci\u00f3n, el magistrado sentenci\u00f3 que en caso de que se detenga a una persona por homicidio, secuestro o violaci\u00f3n y se inicie el procedimiento, no podr\u00e1 celebrarse la audiencia respectiva si no hay un abogado que lo defienda, \u201cla persona no puede seguir detenida sino se le justifica y para ello, debe celebrarse la audiencia donde participe el Ministerio P\u00fablico, el imputado y su defensor\u201d, dijo.\u00a0<\/p>\n\n\n\n<p class=\"wp-block-paragraph\"><em>*Fotograf\u00eda tomada de Facebook.<\/em><\/p>\n<div class=\"fb-background-color\">\n\t\t\t  <div \n\t\t\t  \tclass = \"fb-comments\" \n\t\t\t  \tdata-href = \"https:\/\/diarioavanzada.com.mx\/?p=10014\"\n\t\t\t  \tdata-numposts = \"10\"\n\t\t\t  \tdata-lazy = \"true\"\n\t\t\t\tdata-colorscheme = \"light\"\n\t\t\t\tdata-order-by = \"social\"\n\t\t\t\tdata-mobile=true>\n\t\t\t  <\/div><\/div>\n\t\t  <style>\n\t\t    .fb-background-color {\n\t\t\t\tbackground:  !important;\n\t\t\t}\n\t\t\t.fb_iframe_widget_fluid_desktop iframe {\n\t\t\t    width: 100% !important;\n\t\t\t}\n\t\t  <\/style>\n\t\t  ","protected":false},"excerpt":{"rendered":"<p>Colima, M\u00e9xico, Avanzada (28\/01\/2020).- Dos d\u00edas antes de Navidad,&nbsp;la noticia lleg\u00f3 a las oficinas de la Defensor\u00eda P\u00fablica del Gobierno del Estado: 40 de los 60 abogados ser\u00edan despedidos por el recorte de personal que anunci\u00f3 el secretario de Administraci\u00f3n, Kristian Meiners a trav\u00e9s de un escueto comunicado de prensa. Los criterios que se tomaron [&hellip;]<\/p>\n","protected":false},"author":5,"featured_media":10015,"comment_status":"closed","ping_status":"closed","sticky":false,"template":"","format":"standard","meta":{"_coblocks_attr":"","_coblocks_dimensions":"","_coblocks_responsive_height":"","_coblocks_accordion_ie_support":"","_crdt_document":"","advanced_seo_description":"","jetpack_seo_html_title":"","jetpack_seo_noindex":false,"_jetpack_memberships_contains_paid_content":false,"footnotes":""},"categories":[19],"tags":[210],"class_list":["post-10014","post","type-post","status-publish","format-standard","has-post-thumbnail","hentry","category-colima","tag-portada"],"jetpack_featured_media_url":"https:\/\/diarioavanzada.com.mx\/wp-content\/uploads\/2020\/01\/Abogado.png","jetpack-related-posts":[],"jetpack_sharing_enabled":true,"amp_enabled":true,"_links":{"self":[{"href":"https:\/\/diarioavanzada.com.mx\/index.php?rest_route=\/wp\/v2\/posts\/10014","targetHints":{"allow":["GET"]}}],"collection":[{"href":"https:\/\/diarioavanzada.com.mx\/index.php?rest_route=\/wp\/v2\/posts"}],"about":[{"href":"https:\/\/diarioavanzada.com.mx\/index.php?rest_route=\/wp\/v2\/types\/post"}],"author":[{"embeddable":true,"href":"https:\/\/diarioavanzada.com.mx\/index.php?rest_route=\/wp\/v2\/users\/5"}],"replies":[{"embeddable":true,"href":"https:\/\/diarioavanzada.com.mx\/index.php?rest_route=%2Fwp%2Fv2%2Fcomments&post=10014"}],"version-history":[{"count":0,"href":"https:\/\/diarioavanzada.com.mx\/index.php?rest_route=\/wp\/v2\/posts\/10014\/revisions"}],"wp:featuredmedia":[{"embeddable":true,"href":"https:\/\/diarioavanzada.com.mx\/index.php?rest_route=\/wp\/v2\/media\/10015"}],"wp:attachment":[{"href":"https:\/\/diarioavanzada.com.mx\/index.php?rest_route=%2Fwp%2Fv2%2Fmedia&parent=10014"}],"wp:term":[{"taxonomy":"category","embeddable":true,"href":"https:\/\/diarioavanzada.com.mx\/index.php?rest_route=%2Fwp%2Fv2%2Fcategories&post=10014"},{"taxonomy":"post_tag","embeddable":true,"href":"https:\/\/diarioavanzada.com.mx\/index.php?rest_route=%2Fwp%2Fv2%2Ftags&post=10014"}],"curies":[{"name":"wp","href":"https:\/\/api.w.org\/{rel}","templated":true}]}}