{"id":100056,"date":"2025-09-14T09:33:48","date_gmt":"2025-09-14T15:33:48","guid":{"rendered":"https:\/\/diarioavanzada.com.mx\/?p=100056"},"modified":"2025-09-14T09:34:16","modified_gmt":"2025-09-14T15:34:16","slug":"mujer-de-26-anos-desaparece-en-villa-de-alvarez-familiares-piden-apoyo-para-localizarla","status":"publish","type":"post","link":"https:\/\/diarioavanzada.com.mx\/?p=100056","title":{"rendered":"Mujer de 26 a\u00f1os desaparece en Villa de \u00c1lvarez; familiares piden apoyo para localizarla"},"content":{"rendered":"\n<p class=\"p3 wp-block-paragraph\">Colima, M\u00e9xico, Avanzada (14\/09\/2025).- La Comisi\u00f3n de B\u00fasqueda de Personas del Estado de Colima emiti\u00f3 una ficha para localizar a Mar\u00eda Candelaria Alcaraz, de 26 a\u00f1os de edad, quien fue vista por \u00faltima vez el pasado 3 de septiembre en el municipio de Villa de \u00c1lvarez.<\/p>\n\n\n\n<p class=\"p3 wp-block-paragraph\">El reporte de su desaparici\u00f3n se present\u00f3 el 10 de septiembre, y desde entonces familiares y autoridades mantienen la b\u00fasqueda.<\/p>\n\n\n\n<p class=\"p3 wp-block-paragraph\">Mar\u00eda Candelaria mide 1.64 metros, tiene cara ovalada, tez morena clara, cabello corto, casta\u00f1o oscuro y ojos alargados de color caf\u00e9 oscuro. Entre sus se\u00f1as particulares destacan un tatuaje medio borroso en el pecho con la figura de un coraz\u00f3n, cicatrices en ambas cejas, en el abdomen por ces\u00e1rea y en el costado por operaci\u00f3n de ves\u00edcula, adem\u00e1s de un lunar negro en el labio.<\/p>\n\n\n\n<p class=\"p3 wp-block-paragraph\">El d\u00eda de su desaparici\u00f3n vest\u00eda short rojo, blusa rosa y un top negro.<\/p>\n\n\n\n<p class=\"p3 wp-block-paragraph\">La Comisi\u00f3n de B\u00fasqueda pidi\u00f3 a la poblaci\u00f3n que en caso de contar con informaci\u00f3n que ayude a dar con su paradero, se comunique al n\u00famero 312 131 3809.<\/p>\n\n\n\n<p class=\"wp-block-paragraph\"><\/p>\n\n\n\n<figure class=\"wp-block-image size-large\"><img loading=\"lazy\" decoding=\"async\" width=\"940\" height=\"788\" src=\"https:\/\/diarioavanzada.com.mx\/wp-content\/uploads\/2025\/09\/img_5073.jpg\" class=\"wp-image-100054\" srcset=\"https:\/\/diarioavanzada.com.mx\/wp-content\/uploads\/2025\/09\/img_5073.jpg 940w, https:\/\/diarioavanzada.com.mx\/wp-content\/uploads\/2025\/09\/img_5073-300x251.jpg 300w, https:\/\/diarioavanzada.com.mx\/wp-content\/uploads\/2025\/09\/img_5073-768x644.jpg 768w\" sizes=\"auto, (max-width: 940px) 100vw, 940px\" \/><\/figure>\n<div class=\"fb-background-color\">\n\t\t\t  <div \n\t\t\t  \tclass = \"fb-comments\" \n\t\t\t  \tdata-href = \"https:\/\/diarioavanzada.com.mx\/?p=100056\"\n\t\t\t  \tdata-numposts = \"10\"\n\t\t\t  \tdata-lazy = \"true\"\n\t\t\t\tdata-colorscheme = \"light\"\n\t\t\t\tdata-order-by = \"social\"\n\t\t\t\tdata-mobile=true>\n\t\t\t  <\/div><\/div>\n\t\t  <style>\n\t\t    .fb-background-color {\n\t\t\t\tbackground:  !important;\n\t\t\t}\n\t\t\t.fb_iframe_widget_fluid_desktop iframe {\n\t\t\t    width: 100% !important;\n\t\t\t}\n\t\t  <\/style>\n\t\t  ","protected":false},"excerpt":{"rendered":"<p>Colima, M\u00e9xico, Avanzada (14\/09\/2025).- La Comisi\u00f3n de B\u00fasqueda de Personas del Estado de Colima emiti\u00f3 una ficha para localizar a Mar\u00eda Candelaria Alcaraz, de 26 a\u00f1os de edad, quien fue vista por \u00faltima vez el pasado 3 de septiembre en el municipio de Villa de \u00c1lvarez. El reporte de su desaparici\u00f3n se present\u00f3 el 10 [&hellip;]<\/p>\n","protected":false},"author":7,"featured_media":100055,"comment_status":"closed","ping_status":"closed","sticky":false,"template":"","format":"standard","meta":{"_coblocks_attr":"","_coblocks_dimensions":"","_coblocks_responsive_height":"","_coblocks_accordion_ie_support":"","_crdt_document":"","advanced_seo_description":"","jetpack_seo_html_title":"","jetpack_seo_noindex":false,"_jetpack_memberships_contains_paid_content":false,"footnotes":""},"categories":[19,209,7,231],"tags":[210],"class_list":["post-100056","post","type-post","status-publish","format-standard","has-post-thumbnail","hentry","category-colima","category-importantes","category-noticias","category-seguridad","tag-portada"],"jetpack_featured_media_url":"https:\/\/diarioavanzada.com.mx\/wp-content\/uploads\/2025\/09\/img_5074.png","jetpack-related-posts":[],"jetpack_sharing_enabled":true,"amp_enabled":true,"_links":{"self":[{"href":"https:\/\/diarioavanzada.com.mx\/index.php?rest_route=\/wp\/v2\/posts\/100056","targetHints":{"allow":["GET"]}}],"collection":[{"href":"https:\/\/diarioavanzada.com.mx\/index.php?rest_route=\/wp\/v2\/posts"}],"about":[{"href":"https:\/\/diarioavanzada.com.mx\/index.php?rest_route=\/wp\/v2\/types\/post"}],"author":[{"embeddable":true,"href":"https:\/\/diarioavanzada.com.mx\/index.php?rest_route=\/wp\/v2\/users\/7"}],"replies":[{"embeddable":true,"href":"https:\/\/diarioavanzada.com.mx\/index.php?rest_route=%2Fwp%2Fv2%2Fcomments&post=100056"}],"version-history":[{"count":1,"href":"https:\/\/diarioavanzada.com.mx\/index.php?rest_route=\/wp\/v2\/posts\/100056\/revisions"}],"predecessor-version":[{"id":100057,"href":"https:\/\/diarioavanzada.com.mx\/index.php?rest_route=\/wp\/v2\/posts\/100056\/revisions\/100057"}],"wp:featuredmedia":[{"embeddable":true,"href":"https:\/\/diarioavanzada.com.mx\/index.php?rest_route=\/wp\/v2\/media\/100055"}],"wp:attachment":[{"href":"https:\/\/diarioavanzada.com.mx\/index.php?rest_route=%2Fwp%2Fv2%2Fmedia&parent=100056"}],"wp:term":[{"taxonomy":"category","embeddable":true,"href":"https:\/\/diarioavanzada.com.mx\/index.php?rest_route=%2Fwp%2Fv2%2Fcategories&post=100056"},{"taxonomy":"post_tag","embeddable":true,"href":"https:\/\/diarioavanzada.com.mx\/index.php?rest_route=%2Fwp%2Fv2%2Ftags&post=100056"}],"curies":[{"name":"wp","href":"https:\/\/api.w.org\/{rel}","templated":true}]}}